{"id":1554,"date":"2023-08-12T08:32:55","date_gmt":"2023-08-12T08:32:55","guid":{"rendered":"https:\/\/mtsolab.com\/WpEkav\/?p=1554"},"modified":"2023-08-12T08:33:33","modified_gmt":"2023-08-12T08:33:33","slug":"mersin-ticaret-ve-sanayi-odasi-egitim-ve-kalkinma-vakfi-yonetim-kurulu-mersin-il-milli-egitim-muduru-adem-kocayi-ziyaret-etti","status":"publish","type":"post","link":"https:\/\/mtsoekav.org.tr\/index.php\/2023\/08\/12\/mersin-ticaret-ve-sanayi-odasi-egitim-ve-kalkinma-vakfi-yonetim-kurulu-mersin-il-milli-egitim-muduru-adem-kocayi-ziyaret-etti\/","title":{"rendered":"Mersin Ticaret ve Sanayi Odas\u0131 E\u011fitim ve Kalk\u0131nma Vakf\u0131 Y\u00f6netim Kurulu, Mersin \u0130l Milli E\u011fitim M\u00fcd\u00fcr\u00fc Adem Koca&#8217;y\u0131 ziyaret etti."},"content":{"rendered":"\n<p>Mersin Ticaret ve Sanayi Odas\u0131 E\u011fitim ve Kalk\u0131nma Vakf\u0131 Y\u00f6netim Kurulu, Mersin \u0130l Milli E\u011fitim M\u00fcd\u00fcr\u00fc Adem Koca&#8217;y\u0131 ziyaret etti. Ziyarette i\u015fbirli\u011fi i\u00e7inde yap\u0131lmas\u0131 d\u00fc\u015f\u00fcn\u00fclen projeler hakk\u0131nda konu\u015fuldu ve Vakf\u0131n faaliyetleri hakk\u0131nda bilgi verildi.<\/p>\n","protected":false},"excerpt":{"rendered":"<p>Mersin Ticaret ve Sanayi Odas\u0131 E\u011fitim ve Kalk\u0131nma Vakf\u0131 Y\u00f6netim Kurulu, Mersin \u0130l Milli E\u011fitim M\u00fcd\u00fcr\u00fc Adem Koca&#8217;y\u0131 ziyaret etti.<\/p>\n","protected":false},"author":2,"featured_media":1555,"comment_status":"open","ping_status":"open","sticky":false,"template":"","format":"standard","meta":{"footnotes":""},"categories":[68],"tags":[],"class_list":["post-1554","post","type-post","status-publish","format-standard","has-post-thumbnail","hentry","category-ziyaretlerimiz"],"_links":{"self":[{"href":"https:\/\/mtsoekav.org.tr\/index.php\/wp-json\/wp\/v2\/posts\/1554","targetHints":{"allow":["GET"]}}],"collection":[{"href":"https:\/\/mtsoekav.org.tr\/index.php\/wp-json\/wp\/v2\/posts"}],"about":[{"href":"https:\/\/mtsoekav.org.tr\/index.php\/wp-json\/wp\/v2\/types\/post"}],"author":[{"embeddable":true,"href":"https:\/\/mtsoekav.org.tr\/index.php\/wp-json\/wp\/v2\/users\/2"}],"replies":[{"embeddable":true,"href":"https:\/\/mtsoekav.org.tr\/index.php\/wp-json\/wp\/v2\/comments?post=1554"}],"version-history":[{"count":1,"href":"https:\/\/mtsoekav.org.tr\/index.php\/wp-json\/wp\/v2\/posts\/1554\/revisions"}],"predecessor-version":[{"id":1556,"href":"https:\/\/mtsoekav.org.tr\/index.php\/wp-json\/wp\/v2\/posts\/1554\/revisions\/1556"}],"wp:featuredmedia":[{"embeddable":true,"href":"https:\/\/mtsoekav.org.tr\/index.php\/wp-json\/wp\/v2\/media\/1555"}],"wp:attachment":[{"href":"https:\/\/mtsoekav.org.tr\/index.php\/wp-json\/wp\/v2\/media?parent=1554"}],"wp:term":[{"taxonomy":"category","embeddable":true,"href":"https:\/\/mtsoekav.org.tr\/index.php\/wp-json\/wp\/v2\/categories?post=1554"},{"taxonomy":"post_tag","embeddable":true,"href":"https:\/\/mtsoekav.org.tr\/index.php\/wp-json\/wp\/v2\/tags?post=1554"}],"curies":[{"name":"wp","href":"https:\/\/api.w.org\/{rel}","templated":true}]}}