{"id":1054,"date":"2023-07-28T14:26:10","date_gmt":"2023-07-28T14:26:10","guid":{"rendered":"https:\/\/mtsolab.com\/WpEkav\/?p=1054"},"modified":"2023-07-30T10:46:08","modified_gmt":"2023-07-30T10:46:08","slug":"sanat-etkinlikleri-dernegi-yonetim-kurulu-baskani-selma-yagciya-ziyaretimiz","status":"publish","type":"post","link":"https:\/\/mtsoekav.org.tr\/index.php\/2023\/07\/28\/sanat-etkinlikleri-dernegi-yonetim-kurulu-baskani-selma-yagciya-ziyaretimiz\/","title":{"rendered":"Sanat Etkinlikleri Derne\u011fi Y\u00f6netim Kurulu Ba\u015fkan\u0131 Selma Ya\u011fc\u0131\u2019ya ziyaretimiz"},"content":{"rendered":"<p style=\"text-align: justify;\">Mersin Ticaret ve Sanayi Odas\u0131 (MTSO) E\u011fitim ve Kalk\u0131nma Vakf\u0131 Y\u00f6netimi, Sanat Etkinlikleri Derne\u011fi Y\u00f6netim Kurulu Ba\u015fkanl\u0131\u011f\u0131na yeniden se\u00e7ilen Selma Ya\u011fc\u0131\u2019ya hay\u0131rl\u0131 olsun ziyareti ger\u00e7ekle\u015ftirdi.<\/p>\n<p style=\"text-align: justify;\">MTSO E\u011fitim ve Kalk\u0131nma Vakf\u0131 Y\u00f6netim Kurulu Ba\u015fkan Vekili Hac\u0131 \u0130brahim Bilir, Y\u00f6netim Kurulu \u00dcyeleri Ahmet Akba\u015f, H\u00fcseyin K\u0131\u015f, Murat Y\u00fcksekba\u015f ve Sad\u0131k \u00c7a\u011fatay G\u00fcne\u015f\u2019in kat\u0131ld\u0131\u011f\u0131 ziyarette Uluslararas\u0131 M\u00fczik Festivali hakk\u0131nda fikir al\u0131\u015fveri\u015finde bulunuldu.<\/p>\n<p style=\"text-align: justify;\">Sanat Etkinlikleri Derne\u011fi Y\u00f6netim Kurulu Ba\u015fkanl\u0131\u011f\u0131&#8217;na yeniden se\u00e7ilen Ya\u011fc\u0131\u2019ya ba\u015far\u0131lar dileyen MTSO E\u011fitim ve Kalk\u0131nma Vakf\u0131 Y\u00f6netim Kurulu, festivalin maddi a\u00e7\u0131dan s\u00fcreklili\u011fi hakk\u0131nda \u00f6nerilerde de bulundu. Bu sene on alt\u0131nc\u0131s\u0131 d\u00fczenlenecek Uluslararas\u0131 M\u00fczik Festivali&#8217;nin Mersin&#8217;in ad\u0131n\u0131n duyurulmas\u0131 ad\u0131na b\u00fcy\u00fck bir \u015fans oldu\u011funa de\u011finilen g\u00f6r\u00fc\u015fmede, festivalin yerel d\u00fczeyde verilen deste\u011fin yan\u0131 s\u0131ra ulusal d\u00fczeyde de sponsorlar\u0131n dikkatini \u00e7ekecek alt yap\u0131ya sahip oldu\u011fu belirtildi. \u00d6zellikle \u015fehir d\u0131\u015f\u0131nda ya\u015fayan Mersinli i\u015f insanlar\u0131n\u0131n yard\u0131m\u0131yla festivalin tan\u0131n\u0131rl\u0131l\u0131\u011f\u0131n\u0131n artt\u0131r\u0131labilece\u011fi \u00f6nerisi de getirilen g\u00f6r\u00fc\u015fmede, bu y\u0131lki festival program\u0131 hakk\u0131nda detayl\u0131 bilgi aktar\u0131lmas\u0131 ad\u0131na MTSO Meclis Toplant\u0131s\u0131\u2019na Festival Ba\u015fkan\u0131n\u0131n davet edilebilece\u011fi de vurguland\u0131.<\/p>\n","protected":false},"excerpt":{"rendered":"<p>Mersin Ticaret ve Sanayi Odas\u0131 (MTSO) E\u011fitim ve Kalk\u0131nma Vakf\u0131 Y\u00f6netimi, Sanat Etkinlikleri Derne\u011fi Y\u00f6netim Kurulu Ba\u015fkanl\u0131\u011f\u0131na yeniden se\u00e7ilen Selma<\/p>\n","protected":false},"author":2,"featured_media":1317,"comment_status":"open","ping_status":"open","sticky":false,"template":"","format":"standard","meta":{"footnotes":""},"categories":[68],"tags":[],"class_list":["post-1054","post","type-post","status-publish","format-standard","has-post-thumbnail","hentry","category-ziyaretlerimiz"],"_links":{"self":[{"href":"https:\/\/mtsoekav.org.tr\/index.php\/wp-json\/wp\/v2\/posts\/1054","targetHints":{"allow":["GET"]}}],"collection":[{"href":"https:\/\/mtsoekav.org.tr\/index.php\/wp-json\/wp\/v2\/posts"}],"about":[{"href":"https:\/\/mtsoekav.org.tr\/index.php\/wp-json\/wp\/v2\/types\/post"}],"author":[{"embeddable":true,"href":"https:\/\/mtsoekav.org.tr\/index.php\/wp-json\/wp\/v2\/users\/2"}],"replies":[{"embeddable":true,"href":"https:\/\/mtsoekav.org.tr\/index.php\/wp-json\/wp\/v2\/comments?post=1054"}],"version-history":[{"count":1,"href":"https:\/\/mtsoekav.org.tr\/index.php\/wp-json\/wp\/v2\/posts\/1054\/revisions"}],"predecessor-version":[{"id":1055,"href":"https:\/\/mtsoekav.org.tr\/index.php\/wp-json\/wp\/v2\/posts\/1054\/revisions\/1055"}],"wp:featuredmedia":[{"embeddable":true,"href":"https:\/\/mtsoekav.org.tr\/index.php\/wp-json\/wp\/v2\/media\/1317"}],"wp:attachment":[{"href":"https:\/\/mtsoekav.org.tr\/index.php\/wp-json\/wp\/v2\/media?parent=1054"}],"wp:term":[{"taxonomy":"category","embeddable":true,"href":"https:\/\/mtsoekav.org.tr\/index.php\/wp-json\/wp\/v2\/categories?post=1054"},{"taxonomy":"post_tag","embeddable":true,"href":"https:\/\/mtsoekav.org.tr\/index.php\/wp-json\/wp\/v2\/tags?post=1054"}],"curies":[{"name":"wp","href":"https:\/\/api.w.org\/{rel}","templated":true}]}}